{"id":5087,"date":"2026-08-27T07:00:00","date_gmt":"2026-08-27T07:00:00","guid":{"rendered":"https:\/\/inflammascan.app\/receta-de-atun-a-la-plancha-con-ensalada-de-pepino-y-menta\/"},"modified":"2026-08-27T07:00:00","modified_gmt":"2026-08-27T07:00:00","slug":"receta-de-atun-a-la-plancha-con-ensalada-de-pepino-y-menta","status":"publish","type":"post","link":"https:\/\/inflammascan.app\/es\/receta-de-atun-a-la-plancha-con-ensalada-de-pepino-y-menta\/","title":{"rendered":"Receta de at\u00fan a la plancha con ensalada de pepino y menta"},"content":{"rendered":"<table class=\"wp-list-table widefat fixed cooking\">\n<thead>\n<tr>\n<th>Tiempo de preparaci\u00f3n<\/th>\n<th>Tiempo de cocci\u00f3n<\/th>\n<th>Tiempo total<\/th>\n<th>Raciones<\/th>\n<\/tr>\n<\/thead>\n<tbody>\n<tr>\n<td>15 minutos<\/td>\n<td>5 minutos<\/td>\n<td>20 minutos<\/td>\n<td>4<\/td>\n<\/tr>\n<\/tbody>\n<\/table>\n<h2>\u00bfQu\u00e9 es el at\u00fan a la plancha con ensalada de pepino y menta?<\/h2>\n<p>Dorar el at\u00fan a fuego fuerte y r\u00e1pido es una t\u00e9cnica tomada de las barras de sushi, donde el buen pescado solo necesita unos segundos de calor directo para dorarse por fuera mientras el centro se queda al punto. Esta versi\u00f3n prescinde de la habitual costra de s\u00e9samo y el glaseado de soja para dar paso a una ensalada r\u00e1pida de pepino y menta aderezada con lima y miel. Es una cena r\u00e1pida y rica en prote\u00ednas, basada en un pescado rico en \u00e1cidos grasos omega-3 y una ensalada llena de hierbas frescas.  <\/p>\n<h2>\u00bfQu\u00e9 hace que esta receta sea antiinflamatoria?<\/h2>\n<p>El at\u00fan es una de las fuentes m\u00e1s ricas en EPA y DHA, los \u00e1cidos grasos omega-3 de cadena larga m\u00e1s estrechamente relacionados con la reducci\u00f3n de los marcadores inflamatorios, y adem\u00e1s aporta selenio, un mineral antioxidante. Un breve salteado protege esos \u00e1cidos grasos mucho mejor que un guisado prolongado. <\/p>\n<p>La menta aporta \u00e1cido rosmar\u00ednico, un polifenol que se ha estudiado por su actividad antioxidante, mientras que los pepinos aportan hidrataci\u00f3n y sus propios flavonoides. La cebolla roja aporta quercetina, y el aceite de oliva contiene oleocanthal, el compuesto responsable del toque picante del aceite de oliva y de sus propiedades antiinflamatorias. <\/p>\n<p>Todos los ingredientes cumplen con la fase de eliminaci\u00f3n de la dieta AIP. No lleva cereales, legumbres, solan\u00e1ceas, l\u00e1cteos, huevos, frutos secos, semillas ni especias a base de semillas; tampoco lleva costra de s\u00e9samo, ya que el s\u00e9samo es una semilla, ni salsa de soja, ni pimienta negra. <\/p>\n<h2>Ingredientes<\/h2>\n<ul>\n<li>4 filetes de at\u00fan fresco, de unas 6 onzas cada uno y 1 pulgada de grosor<\/li>\n<li>3 cucharadas soperas de aceite de oliva, repartidas<\/li>\n<li>3\/4 de cucharadita de sal marina, repartida en dos partes<\/li>\n<li>2 pepinos medianos, cortados en rodajas finas<\/li>\n<li>1\/4 de cebolla roja peque\u00f1a, cortada en rodajas muy finas<\/li>\n<li>1\/3 de taza de hojas de menta fresca, troceadas<\/li>\n<li>2 cucharadas de zumo de lima<\/li>\n<li>1 cucharadita de ralladura de lima<\/li>\n<li>1 cucharadita de miel<\/li>\n<\/ul>\n<h2>C\u00f3mo llegar<\/h2>\n<h3>Paso 1<\/h3>\n<p>Bate el zumo de lima, la ralladura de lima y la miel con 1 cucharada de aceite de oliva y una pizca de sal hasta conseguir un ali\u00f1o ligero.<\/p>\n<h3>Paso 2<\/h3>\n<p>Mezcla los pepinos, la cebolla roja y la menta con el ali\u00f1o y d\u00e9jalos a un lado mientras cocinas el at\u00fan. Dejar reposar un rato hace que los pepinos se impregnen de sabor sin que la ensalada se ablande. <\/p>\n<h3>Paso 3<\/h3>\n<p>Seca bien los filetes de at\u00fan con papel de cocina. La humedad de la superficie es lo que marca la diferencia entre un filete que se dora y otro que se queda gris y cocido al vapor por los bordes. <\/p>\n<h3>Paso 4<\/h3>\n<p>Sazona el at\u00fan por ambos lados con la sal que queda.<\/p>\n<h3>Paso 5<\/h3>\n<p>Calienta el aceite de oliva que te queda en una sart\u00e9n de fondo grueso a fuego fuerte hasta que brille intensamente, sin llegar a humear. Una sart\u00e9n poco caliente es la otra raz\u00f3n habitual por la que el at\u00fan nunca se dora. <\/p>\n<h3>Paso 6<\/h3>\n<p>Pon el at\u00fan en la sart\u00e9n y d\u00f3ralo durante 90 segundos sin moverlo; despu\u00e9s, dale la vuelta y dora el otro lado otros 90 segundos para que quede poco hecho por dentro y con los bordes dorados. Si lo prefieres al punto, deja que se haga unos 2 minutos por cada lado. <\/p>\n<h3>Paso 7<\/h3>\n<p>Deja reposar el at\u00fan unos 2 minutos y, a continuaci\u00f3n, corta cada filete en rodajas gruesas a contrapelo. S\u00edrvelo sobre la ensalada de pepino y menta y \u00e9chale el aderezo por encima. <\/p>\n<h2>Informaci\u00f3n nutricional (por raci\u00f3n)<\/h2>\n<table class=\"wp-list-table widefat fixed nutrition\">\n<tbody>\n<tr>\n<td>Calor\u00edas<\/td>\n<td>310<\/td>\n<\/tr>\n<tr>\n<td>Grasa<\/td>\n<td>13g<\/td>\n<\/tr>\n<tr>\n<td>Hidratos de carbono<\/td>\n<td>6 g<\/td>\n<\/tr>\n<tr>\n<td>Prote\u00ednas<\/td>\n<td>42 g<\/td>\n<\/tr>\n<\/tbody>\n<\/table>\n<h2>InflammaScore<\/h2>\n<p><span class=\"low\">1<\/span> \u00a1Bien! Potencial de inflamaci\u00f3n muy bajo <\/p>\n<h2 id=\"qa\">PREGUNTAS Y RESPUESTAS<\/h2>\n<p><strong>P1: \u00bfEsta receta es apta para la fase de eliminaci\u00f3n de la dieta AIP?<\/strong><br \/>R1: S\u00ed. El at\u00fan, el aceite de oliva, la sal marina, los pepinos, la cebolla roja, la menta, la lima y la miel est\u00e1n permitidos durante la fase de eliminaci\u00f3n. Aqu\u00ed no lleva costra de s\u00e9samo, ya que el s\u00e9samo es una semilla; tampoco lleva salsa de soja ni pimienta negra, que la lista de alimentos de la AIP no considera aptos.  <\/p>\n<p><strong>Pregunta 2: \u00bfC\u00f3mo debe estar de hecho el at\u00fan a la plancha? \u00bfEs seguro comerlo poco hecho?<\/strong><br \/>R2: Lo importante aqu\u00ed es que el at\u00fan est\u00e9 poco hecho, y es seguro si es at\u00fan apto para sushi o si se ha congelado previamente, ya que eso mata los par\u00e1sitos a los que se refieren las recomendaciones sobre el pescado crudo. Si se cocina demasiado, el at\u00fan pierde esa textura que hace que merezca la pena dorarlo y, en cambio, queda seco y harinoso. <\/p>\n<p><strong>Pregunta 3: \u00bfPor qu\u00e9 a mi at\u00fan nunca se le forma una costra como es debido?<\/strong><br \/>R3: Casi siempre es una de estas tres cosas: una superficie h\u00fameda, una sart\u00e9n que no est\u00e1 lo suficientemente caliente o mover el filete demasiado pronto. Deja que el aceite llegue a brillar con fuerza y, despu\u00e9s, no toques el at\u00fan durante los 90 segundos completos. <\/p>\n<p><strong>Pregunta 4: \u00bfPuedo usar filetes de at\u00fan congelados en lugar de frescos?<\/strong><br \/>R4: S\u00ed, siempre y cuando se descongelen completamente antes, a ser posible dej\u00e1ndolos toda la noche en la nevera. El at\u00fan congelado suelta m\u00e1s humedad al descongelarse, as\u00ed que s\u00e9calo muy bien con papel de cocina, incluso una segunda vez justo antes de echarlo a la sart\u00e9n. <\/p>\n<p><strong>Pregunta 5: \u00bfQu\u00e9 deber\u00eda servir para acompa\u00f1arlo y que sea una comida m\u00e1s completa?<\/strong><br \/>R5: Tanto el boniato asado como el arroz de coliflor quedan muy bien, ya que absorben el aderezo de lima y miel sin restarle protagonismo al at\u00fan. Empieza a prepararlos antes del paso 3 para que todo llegue caliente a la mesa al mismo tiempo. <\/p>\n<p><img decoding=\"async\" class=\"bimage_class\" src=\"https:\/\/inflammascan.app\/wp-content\/uploads\/2026\/08\/pan-seared-tuna-with-cucumber-mint-salad.jpg\" alt=\"Lonchas de at\u00fan AIP salteadas en la sart\u00e9n, con el centro poco hecho, sobre una ensalada de pepino, cebolla roja y menta, servidas en un plato de cer\u00e1mica\"><\/p>\n","protected":false},"excerpt":{"rendered":"<p>Filetes de at\u00fan sellados a fuego fuerte y r\u00e1pido sobre una ensalada crujiente de pepino, cebolla roja y menta con un ali\u00f1o de lima y miel. Una cena lista en veinte minutos en la que te saltas la costra de s\u00e9samo y el glaseado de soja. <\/p>\n","protected":false},"author":1,"featured_media":5088,"comment_status":"closed","ping_status":"closed","sticky":false,"template":"","format":"standard","meta":{"_angie_page":false,"site-sidebar-layout":"default","site-content-layout":"","ast-site-content-layout":"default","site-content-style":"default","site-sidebar-style":"default","ast-global-header-display":"","ast-banner-title-visibility":"","ast-main-header-display":"","ast-hfb-above-header-display":"","ast-hfb-below-header-display":"","ast-hfb-mobile-header-display":"","site-post-title":"","ast-breadcrumbs-content":"","ast-featured-img":"","footer-sml-layout":"","ast-disable-related-posts":"","theme-transparent-header-meta":"","adv-header-id-meta":"","stick-header-meta":"","header-above-stick-meta":"","header-main-stick-meta":"","header-below-stick-meta":"","astra-migrate-meta-layouts":"default","ast-page-background-enabled":"default","ast-page-background-meta":{"desktop":{"background-color":"var(--ast-global-color-5)","background-image":"","background-repeat":"repeat","background-position":"center center","background-size":"auto","background-attachment":"scroll","background-type":"","background-media":"","overlay-type":"","overlay-color":"","overlay-opacity":"","overlay-gradient":""},"tablet":{"background-color":"","background-image":"","background-repeat":"repeat","background-position":"center center","background-size":"auto","background-attachment":"scroll","background-type":"","background-media":"","overlay-type":"","overlay-color":"","overlay-opacity":"","overlay-gradient":""},"mobile":{"background-color":"","background-image":"","background-repeat":"repeat","background-position":"center center","background-size":"auto","background-attachment":"scroll","background-type":"","background-media":"","overlay-type":"","overlay-color":"","overlay-opacity":"","overlay-gradient":""}},"ast-content-background-meta":{"desktop":{"background-color":"var(--ast-global-color-4)","background-image":"","background-repeat":"repeat","background-position":"center center","background-size":"auto","background-attachment":"scroll","background-type":"","background-media":"","overlay-type":"","overlay-color":"","overlay-opacity":"","overlay-gradient":""},"tablet":{"background-color":"var(--ast-global-color-4)","background-image":"","background-repeat":"repeat","background-position":"center center","background-size":"auto","background-attachment":"scroll","background-type":"","background-media":"","overlay-type":"","overlay-color":"","overlay-opacity":"","overlay-gradient":""},"mobile":{"background-color":"var(--ast-global-color-4)","background-image":"","background-repeat":"repeat","background-position":"center center","background-size":"auto","background-attachment":"scroll","background-type":"","background-media":"","overlay-type":"","overlay-color":"","overlay-opacity":"","overlay-gradient":""}},"page_builder":"","footnotes":""},"categories":[20],"tags":[111],"ingredient":[],"class_list":["post-5087","post","type-post","status-publish","format-standard","has-post-thumbnail","hentry","category-comidas-y-cenas","tag-receta-aip"],"yoast_head":"<!-- This site is optimized with the Yoast SEO plugin v28.1 - https:\/\/yoast.com\/product\/yoast-seo-wordpress\/ -->\n<title>Receta de at\u00fan a la plancha con ensalada de pepino y menta<\/title>\n<meta name=\"robots\" content=\"index, follow, max-snippet:-1, max-image-preview:large, max-video-preview:-1\" \/>\n<link rel=\"canonical\" href=\"https:\/\/inflammascan.app\/es\/receta-de-atun-a-la-plancha-con-ensalada-de-pepino-y-menta\/\" \/>\n<meta property=\"og:locale\" content=\"es_ES\" \/>\n<meta property=\"og:type\" content=\"article\" \/>\n<meta property=\"og:title\" content=\"Receta de at\u00fan a la plancha con ensalada de pepino y menta\" \/>\n<meta property=\"og:description\" content=\"Filetes de at\u00fan sellados a fuego fuerte y r\u00e1pido sobre una ensalada crujiente de pepino, cebolla roja y menta con un ali\u00f1o de lima y miel. Una cena lista en veinte minutos en la que te saltas la costra de s\u00e9samo y el glaseado de soja.\" \/>\n<meta property=\"og:url\" content=\"https:\/\/inflammascan.app\/es\/receta-de-atun-a-la-plancha-con-ensalada-de-pepino-y-menta\/\" \/>\n<meta property=\"og:site_name\" content=\"InflammaScan App\" \/>\n<meta property=\"article:published_time\" content=\"2026-08-27T07:00:00+00:00\" \/>\n<meta property=\"og:image\" content=\"https:\/\/inflammascan.app\/wp-content\/uploads\/2026\/08\/pan-seared-tuna-with-cucumber-mint-salad.jpg\" \/>\n\t<meta property=\"og:image:width\" content=\"1536\" \/>\n\t<meta property=\"og:image:height\" content=\"1024\" \/>\n\t<meta property=\"og:image:type\" content=\"image\/jpeg\" \/>\n<meta name=\"author\" content=\"Pau\" \/>\n<meta name=\"twitter:card\" content=\"summary_large_image\" \/>\n<meta name=\"twitter:label1\" content=\"Escrito por\" \/>\n\t<meta name=\"twitter:data1\" content=\"Pau\" \/>\n\t<meta name=\"twitter:label2\" content=\"Tiempo de lectura\" \/>\n\t<meta name=\"twitter:data2\" content=\"5 minutos\" \/>\n<script type=\"application\/ld+json\" class=\"yoast-schema-graph\">{\"@context\":\"https:\\\/\\\/schema.org\",\"@graph\":[{\"@type\":\"Article\",\"@id\":\"https:\\\/\\\/inflammascan.app\\\/es\\\/receta-de-atun-a-la-plancha-con-ensalada-de-pepino-y-menta\\\/#article\",\"isPartOf\":{\"@id\":\"https:\\\/\\\/inflammascan.app\\\/es\\\/receta-de-atun-a-la-plancha-con-ensalada-de-pepino-y-menta\\\/\"},\"author\":{\"name\":\"Pau\",\"@id\":\"https:\\\/\\\/inflammascan.app\\\/es\\\/#\\\/schema\\\/person\\\/6a390ffbb3c732c129d31cec12622254\"},\"headline\":\"Receta de at\u00fan a la plancha con ensalada de pepino y menta\",\"datePublished\":\"2026-08-27T07:00:00+00:00\",\"mainEntityOfPage\":{\"@id\":\"https:\\\/\\\/inflammascan.app\\\/es\\\/receta-de-atun-a-la-plancha-con-ensalada-de-pepino-y-menta\\\/\"},\"wordCount\":1034,\"publisher\":{\"@id\":\"https:\\\/\\\/inflammascan.app\\\/es\\\/#organization\"},\"image\":{\"@id\":\"https:\\\/\\\/inflammascan.app\\\/es\\\/receta-de-atun-a-la-plancha-con-ensalada-de-pepino-y-menta\\\/#primaryimage\"},\"thumbnailUrl\":\"https:\\\/\\\/inflammascan.app\\\/wp-content\\\/uploads\\\/2026\\\/08\\\/pan-seared-tuna-with-cucumber-mint-salad.jpg\",\"keywords\":[\"Receta AIP\"],\"articleSection\":[\"Comidas y cenas\"],\"inLanguage\":\"es\"},{\"@type\":\"WebPage\",\"@id\":\"https:\\\/\\\/inflammascan.app\\\/es\\\/receta-de-atun-a-la-plancha-con-ensalada-de-pepino-y-menta\\\/\",\"url\":\"https:\\\/\\\/inflammascan.app\\\/es\\\/receta-de-atun-a-la-plancha-con-ensalada-de-pepino-y-menta\\\/\",\"name\":\"Receta de at\u00fan a la plancha con ensalada de pepino y menta\",\"isPartOf\":{\"@id\":\"https:\\\/\\\/inflammascan.app\\\/es\\\/#website\"},\"primaryImageOfPage\":{\"@id\":\"https:\\\/\\\/inflammascan.app\\\/es\\\/receta-de-atun-a-la-plancha-con-ensalada-de-pepino-y-menta\\\/#primaryimage\"},\"image\":{\"@id\":\"https:\\\/\\\/inflammascan.app\\\/es\\\/receta-de-atun-a-la-plancha-con-ensalada-de-pepino-y-menta\\\/#primaryimage\"},\"thumbnailUrl\":\"https:\\\/\\\/inflammascan.app\\\/wp-content\\\/uploads\\\/2026\\\/08\\\/pan-seared-tuna-with-cucumber-mint-salad.jpg\",\"datePublished\":\"2026-08-27T07:00:00+00:00\",\"breadcrumb\":{\"@id\":\"https:\\\/\\\/inflammascan.app\\\/es\\\/receta-de-atun-a-la-plancha-con-ensalada-de-pepino-y-menta\\\/#breadcrumb\"},\"inLanguage\":\"es\",\"potentialAction\":[{\"@type\":\"ReadAction\",\"target\":[\"https:\\\/\\\/inflammascan.app\\\/es\\\/receta-de-atun-a-la-plancha-con-ensalada-de-pepino-y-menta\\\/\"]}]},{\"@type\":\"ImageObject\",\"inLanguage\":\"es\",\"@id\":\"https:\\\/\\\/inflammascan.app\\\/es\\\/receta-de-atun-a-la-plancha-con-ensalada-de-pepino-y-menta\\\/#primaryimage\",\"url\":\"https:\\\/\\\/inflammascan.app\\\/wp-content\\\/uploads\\\/2026\\\/08\\\/pan-seared-tuna-with-cucumber-mint-salad.jpg\",\"contentUrl\":\"https:\\\/\\\/inflammascan.app\\\/wp-content\\\/uploads\\\/2026\\\/08\\\/pan-seared-tuna-with-cucumber-mint-salad.jpg\",\"width\":1536,\"height\":1024,\"caption\":\"Lonchas de at\u00fan AIP selladas a la sart\u00e9n, con el centro poco hecho, sobre una ensalada de pepino, cebolla roja y menta, en un plato de cer\u00e1mica\"},{\"@type\":\"BreadcrumbList\",\"@id\":\"https:\\\/\\\/inflammascan.app\\\/es\\\/receta-de-atun-a-la-plancha-con-ensalada-de-pepino-y-menta\\\/#breadcrumb\",\"itemListElement\":[{\"@type\":\"ListItem\",\"position\":1,\"name\":\"Inicio\",\"item\":\"https:\\\/\\\/inflammascan.app\\\/es\\\/\"},{\"@type\":\"ListItem\",\"position\":2,\"name\":\"Receta de at\u00fan a la plancha con ensalada de pepino y menta\"}]},{\"@type\":\"WebSite\",\"@id\":\"https:\\\/\\\/inflammascan.app\\\/es\\\/#website\",\"url\":\"https:\\\/\\\/inflammascan.app\\\/es\\\/\",\"name\":\"InflammaScan App\",\"description\":\"Anti-inflammatory diet app. Control your inflammation with just a picture.\",\"publisher\":{\"@id\":\"https:\\\/\\\/inflammascan.app\\\/es\\\/#organization\"},\"potentialAction\":[{\"@type\":\"SearchAction\",\"target\":{\"@type\":\"EntryPoint\",\"urlTemplate\":\"https:\\\/\\\/inflammascan.app\\\/es\\\/?s={search_term_string}\"},\"query-input\":{\"@type\":\"PropertyValueSpecification\",\"valueRequired\":true,\"valueName\":\"search_term_string\"}}],\"inLanguage\":\"es\"},{\"@type\":\"Organization\",\"@id\":\"https:\\\/\\\/inflammascan.app\\\/es\\\/#organization\",\"name\":\"InflammaScan App\",\"url\":\"https:\\\/\\\/inflammascan.app\\\/es\\\/\",\"logo\":{\"@type\":\"ImageObject\",\"inLanguage\":\"es\",\"@id\":\"https:\\\/\\\/inflammascan.app\\\/es\\\/#\\\/schema\\\/logo\\\/image\\\/\",\"url\":\"https:\\\/\\\/inflammascan.app\\\/wp-content\\\/uploads\\\/2025\\\/06\\\/Logo-Inflammascan-app.webp\",\"contentUrl\":\"https:\\\/\\\/inflammascan.app\\\/wp-content\\\/uploads\\\/2025\\\/06\\\/Logo-Inflammascan-app.webp\",\"width\":900,\"height\":300,\"caption\":\"InflammaScan App\"},\"image\":{\"@id\":\"https:\\\/\\\/inflammascan.app\\\/es\\\/#\\\/schema\\\/logo\\\/image\\\/\"}},{\"@type\":\"Person\",\"@id\":\"https:\\\/\\\/inflammascan.app\\\/es\\\/#\\\/schema\\\/person\\\/6a390ffbb3c732c129d31cec12622254\",\"name\":\"Pau\",\"image\":{\"@type\":\"ImageObject\",\"inLanguage\":\"es\",\"@id\":\"https:\\\/\\\/secure.gravatar.com\\\/avatar\\\/00c27d649786deb69c62a0ca32744263e52f3b6ca8942304bd49aba814dfb419?s=96&d=mm&r=g\",\"url\":\"https:\\\/\\\/secure.gravatar.com\\\/avatar\\\/00c27d649786deb69c62a0ca32744263e52f3b6ca8942304bd49aba814dfb419?s=96&d=mm&r=g\",\"contentUrl\":\"https:\\\/\\\/secure.gravatar.com\\\/avatar\\\/00c27d649786deb69c62a0ca32744263e52f3b6ca8942304bd49aba814dfb419?s=96&d=mm&r=g\",\"caption\":\"Pau\"},\"sameAs\":[\"https:\\\/\\\/inflammascan.app\"]}]}<\/script>\n<!-- \/ Yoast SEO plugin. -->","yoast_head_json":{"title":"Receta de at\u00fan a la plancha con ensalada de pepino y menta","robots":{"index":"index","follow":"follow","max-snippet":"max-snippet:-1","max-image-preview":"max-image-preview:large","max-video-preview":"max-video-preview:-1"},"canonical":"https:\/\/inflammascan.app\/es\/receta-de-atun-a-la-plancha-con-ensalada-de-pepino-y-menta\/","og_locale":"es_ES","og_type":"article","og_title":"Receta de at\u00fan a la plancha con ensalada de pepino y menta","og_description":"Filetes de at\u00fan sellados a fuego fuerte y r\u00e1pido sobre una ensalada crujiente de pepino, cebolla roja y menta con un ali\u00f1o de lima y miel. Una cena lista en veinte minutos en la que te saltas la costra de s\u00e9samo y el glaseado de soja.","og_url":"https:\/\/inflammascan.app\/es\/receta-de-atun-a-la-plancha-con-ensalada-de-pepino-y-menta\/","og_site_name":"InflammaScan App","article_published_time":"2026-08-27T07:00:00+00:00","og_image":[{"width":1536,"height":1024,"url":"https:\/\/inflammascan.app\/wp-content\/uploads\/2026\/08\/pan-seared-tuna-with-cucumber-mint-salad.jpg","type":"image\/jpeg"}],"author":"Pau","twitter_card":"summary_large_image","twitter_misc":{"Escrito por":"Pau","Tiempo de lectura":"5 minutos"},"schema":{"@context":"https:\/\/schema.org","@graph":[{"@type":"Article","@id":"https:\/\/inflammascan.app\/es\/receta-de-atun-a-la-plancha-con-ensalada-de-pepino-y-menta\/#article","isPartOf":{"@id":"https:\/\/inflammascan.app\/es\/receta-de-atun-a-la-plancha-con-ensalada-de-pepino-y-menta\/"},"author":{"name":"Pau","@id":"https:\/\/inflammascan.app\/es\/#\/schema\/person\/6a390ffbb3c732c129d31cec12622254"},"headline":"Receta de at\u00fan a la plancha con ensalada de pepino y menta","datePublished":"2026-08-27T07:00:00+00:00","mainEntityOfPage":{"@id":"https:\/\/inflammascan.app\/es\/receta-de-atun-a-la-plancha-con-ensalada-de-pepino-y-menta\/"},"wordCount":1034,"publisher":{"@id":"https:\/\/inflammascan.app\/es\/#organization"},"image":{"@id":"https:\/\/inflammascan.app\/es\/receta-de-atun-a-la-plancha-con-ensalada-de-pepino-y-menta\/#primaryimage"},"thumbnailUrl":"https:\/\/inflammascan.app\/wp-content\/uploads\/2026\/08\/pan-seared-tuna-with-cucumber-mint-salad.jpg","keywords":["Receta AIP"],"articleSection":["Comidas y cenas"],"inLanguage":"es"},{"@type":"WebPage","@id":"https:\/\/inflammascan.app\/es\/receta-de-atun-a-la-plancha-con-ensalada-de-pepino-y-menta\/","url":"https:\/\/inflammascan.app\/es\/receta-de-atun-a-la-plancha-con-ensalada-de-pepino-y-menta\/","name":"Receta de at\u00fan a la plancha con ensalada de pepino y menta","isPartOf":{"@id":"https:\/\/inflammascan.app\/es\/#website"},"primaryImageOfPage":{"@id":"https:\/\/inflammascan.app\/es\/receta-de-atun-a-la-plancha-con-ensalada-de-pepino-y-menta\/#primaryimage"},"image":{"@id":"https:\/\/inflammascan.app\/es\/receta-de-atun-a-la-plancha-con-ensalada-de-pepino-y-menta\/#primaryimage"},"thumbnailUrl":"https:\/\/inflammascan.app\/wp-content\/uploads\/2026\/08\/pan-seared-tuna-with-cucumber-mint-salad.jpg","datePublished":"2026-08-27T07:00:00+00:00","breadcrumb":{"@id":"https:\/\/inflammascan.app\/es\/receta-de-atun-a-la-plancha-con-ensalada-de-pepino-y-menta\/#breadcrumb"},"inLanguage":"es","potentialAction":[{"@type":"ReadAction","target":["https:\/\/inflammascan.app\/es\/receta-de-atun-a-la-plancha-con-ensalada-de-pepino-y-menta\/"]}]},{"@type":"ImageObject","inLanguage":"es","@id":"https:\/\/inflammascan.app\/es\/receta-de-atun-a-la-plancha-con-ensalada-de-pepino-y-menta\/#primaryimage","url":"https:\/\/inflammascan.app\/wp-content\/uploads\/2026\/08\/pan-seared-tuna-with-cucumber-mint-salad.jpg","contentUrl":"https:\/\/inflammascan.app\/wp-content\/uploads\/2026\/08\/pan-seared-tuna-with-cucumber-mint-salad.jpg","width":1536,"height":1024,"caption":"Lonchas de at\u00fan AIP selladas a la sart\u00e9n, con el centro poco hecho, sobre una ensalada de pepino, cebolla roja y menta, en un plato de cer\u00e1mica"},{"@type":"BreadcrumbList","@id":"https:\/\/inflammascan.app\/es\/receta-de-atun-a-la-plancha-con-ensalada-de-pepino-y-menta\/#breadcrumb","itemListElement":[{"@type":"ListItem","position":1,"name":"Inicio","item":"https:\/\/inflammascan.app\/es\/"},{"@type":"ListItem","position":2,"name":"Receta de at\u00fan a la plancha con ensalada de pepino y menta"}]},{"@type":"WebSite","@id":"https:\/\/inflammascan.app\/es\/#website","url":"https:\/\/inflammascan.app\/es\/","name":"InflammaScan App","description":"Anti-inflammatory diet app. Control your inflammation with just a picture.","publisher":{"@id":"https:\/\/inflammascan.app\/es\/#organization"},"potentialAction":[{"@type":"SearchAction","target":{"@type":"EntryPoint","urlTemplate":"https:\/\/inflammascan.app\/es\/?s={search_term_string}"},"query-input":{"@type":"PropertyValueSpecification","valueRequired":true,"valueName":"search_term_string"}}],"inLanguage":"es"},{"@type":"Organization","@id":"https:\/\/inflammascan.app\/es\/#organization","name":"InflammaScan App","url":"https:\/\/inflammascan.app\/es\/","logo":{"@type":"ImageObject","inLanguage":"es","@id":"https:\/\/inflammascan.app\/es\/#\/schema\/logo\/image\/","url":"https:\/\/inflammascan.app\/wp-content\/uploads\/2025\/06\/Logo-Inflammascan-app.webp","contentUrl":"https:\/\/inflammascan.app\/wp-content\/uploads\/2025\/06\/Logo-Inflammascan-app.webp","width":900,"height":300,"caption":"InflammaScan App"},"image":{"@id":"https:\/\/inflammascan.app\/es\/#\/schema\/logo\/image\/"}},{"@type":"Person","@id":"https:\/\/inflammascan.app\/es\/#\/schema\/person\/6a390ffbb3c732c129d31cec12622254","name":"Pau","image":{"@type":"ImageObject","inLanguage":"es","@id":"https:\/\/secure.gravatar.com\/avatar\/00c27d649786deb69c62a0ca32744263e52f3b6ca8942304bd49aba814dfb419?s=96&d=mm&r=g","url":"https:\/\/secure.gravatar.com\/avatar\/00c27d649786deb69c62a0ca32744263e52f3b6ca8942304bd49aba814dfb419?s=96&d=mm&r=g","contentUrl":"https:\/\/secure.gravatar.com\/avatar\/00c27d649786deb69c62a0ca32744263e52f3b6ca8942304bd49aba814dfb419?s=96&d=mm&r=g","caption":"Pau"},"sameAs":["https:\/\/inflammascan.app"]}]}},"_links":{"self":[{"href":"https:\/\/inflammascan.app\/es\/wp-json\/wp\/v2\/posts\/5087","targetHints":{"allow":["GET"]}}],"collection":[{"href":"https:\/\/inflammascan.app\/es\/wp-json\/wp\/v2\/posts"}],"about":[{"href":"https:\/\/inflammascan.app\/es\/wp-json\/wp\/v2\/types\/post"}],"author":[{"embeddable":true,"href":"https:\/\/inflammascan.app\/es\/wp-json\/wp\/v2\/users\/1"}],"replies":[{"embeddable":true,"href":"https:\/\/inflammascan.app\/es\/wp-json\/wp\/v2\/comments?post=5087"}],"version-history":[{"count":0,"href":"https:\/\/inflammascan.app\/es\/wp-json\/wp\/v2\/posts\/5087\/revisions"}],"wp:featuredmedia":[{"embeddable":true,"href":"https:\/\/inflammascan.app\/es\/wp-json\/wp\/v2\/media\/5088"}],"wp:attachment":[{"href":"https:\/\/inflammascan.app\/es\/wp-json\/wp\/v2\/media?parent=5087"}],"wp:term":[{"taxonomy":"category","embeddable":true,"href":"https:\/\/inflammascan.app\/es\/wp-json\/wp\/v2\/categories?post=5087"},{"taxonomy":"post_tag","embeddable":true,"href":"https:\/\/inflammascan.app\/es\/wp-json\/wp\/v2\/tags?post=5087"},{"taxonomy":"ingredient","embeddable":true,"href":"https:\/\/inflammascan.app\/es\/wp-json\/wp\/v2\/ingredient?post=5087"}],"curies":[{"name":"wp","href":"https:\/\/api.w.org\/{rel}","templated":true}]}}